{"id":14945,"date":"2023-04-21T13:56:21","date_gmt":"2023-04-21T11:56:21","guid":{"rendered":"https:\/\/pdap.de\/?p=14945"},"modified":"2023-05-16T09:06:23","modified_gmt":"2023-05-16T07:06:23","slug":"chef-der-staatskanzlei-dirk-schroedter-hm23","status":"publish","type":"post","link":"https:\/\/pdap.de\/en\/chef-der-staatskanzlei-dirk-schroedter-hm23\/","title":{"rendered":"Chef der Staatskanzlei Dirk Schr\u00f6dter bei PDAP"},"content":{"rendered":"<p>[et_pb_section fb_built=&#8220;1&#8243; admin_label=&#8220;section&#8220; _builder_version=&#8220;4.16&#8243; custom_padding=&#8220;0px|||||&#8220; global_colors_info=&#8220;{}&#8220;][et_pb_row admin_label=&#8220;row&#8220; _builder_version=&#8220;4.18.0&#8243; background_size=&#8220;initial&#8220; background_position=&#8220;top_left&#8220; background_repeat=&#8220;repeat&#8220; global_colors_info=&#8220;{}&#8220;][et_pb_column type=&#8220;4_4&#8243; _builder_version=&#8220;4.16&#8243; custom_padding=&#8220;|||&#8220; global_colors_info=&#8220;{}&#8220; custom_padding__hover=&#8220;|||&#8220;][lwp_divi_breadcrumbs _builder_version=&#8220;4.16&#8243; _module_preset=&#8220;default&#8220; global_colors_info=&#8220;{}&#8220;][\/lwp_divi_breadcrumbs][et_pb_text admin_label=&#8220;Text&#8220; _builder_version=&#8220;4.20.2&#8243; background_size=&#8220;initial&#8220; background_position=&#8220;top_left&#8220; background_repeat=&#8220;repeat&#8220; custom_margin=&#8220;||||false|false&#8220; global_colors_info=&#8220;{}&#8220;]<\/p>\n<p>Am Mittwoch war Chef der Staatskanzlei Dirk Schr\u00f6dter zu Besuch auf der HANNOVER MESSE und dem Gemeinschaftsstand der WTSH GmbH. Im interessanten Dialog durften wir ihm kurz und knackig erkl\u00e4ren, was wir bei PDAP machen!<\/p>\n<p>[\/et_pb_text][et_pb_image src=&#8220;https:\/\/pdap.de\/wp-content\/uploads\/2023\/04\/hannover-messe-dirk-schroedter-scaled.jpg&#8220; title_text=&#8220;hannover-messe-dirk-schr\u00f6dter&#8220; align=&#8220;center&#8220; _builder_version=&#8220;4.20.2&#8243; _module_preset=&#8220;default&#8220; max_width=&#8220;80%&#8220; custom_margin=&#8220;35px||35px||false|false&#8220; global_colors_info=&#8220;{}&#8220;][\/et_pb_image][et_pb_text admin_label=&#8220;Text&#8220; _builder_version=&#8220;4.20.2&#8243; background_size=&#8220;initial&#8220; background_position=&#8220;top_left&#8220; background_repeat=&#8220;repeat&#8220; custom_margin=&#8220;||||false|false&#8220; global_colors_info=&#8220;{}&#8220;]<\/p>\n<p>Wir blicken auf eine erfolgreiche Woche voller neuer Gesch\u00e4ftskontakte und interessanter Gespr\u00e4che zur\u00fcck. <span>Wir konnten viele Erfahrungen sammeln\u00a0<\/span><span>und an interessanten Vortr\u00e4gen<br \/><\/span><span>teilhaben.<\/span><\/p>\n<p>An dieser Stelle danken wir der WTSH f\u00fcr die hervorragende Organisation, angenehme Zusammenarbeit und ausgezeichnete Verpflegung,\u00a0damit wir jederzeit gest\u00e4rkt waren!<\/p>\n<p>[\/et_pb_text][\/et_pb_column][\/et_pb_row][\/et_pb_section]<\/p>","protected":false},"excerpt":{"rendered":"<p><div class=\"et_pb_module lwp_divi_breadcrumbs lwp_divi_breadcrumbs_0\">\n\t\t\t\t\n\t\t\t\t\n\t\t\t\t\n\t\t\t\t\n\t\t\t\t\n\t\t\t\t\n\t\t\t\t<div class=\"et_pb_module_inner\">\n\t\t\t\t\t<div class=\"lwp-breadcrumbs\"> <span class=\"before\"><\/span> <span vocab=\"https:\/\/schema.org\/\" typeof=\"BreadcrumbList\"><span property=\"itemListElement\" typeof=\"ListItem\"><a property=\"item\" typeof=\"WebPage\" href=\"https:\/\/pdap.de\/en\/\" class=\"home\"><span property=\"name\">Home<\/span><\/a><meta property=\"position\" content=\"1\"><\/span> <span class=\"separator et-pb-icon\">9<\/span> <\/span><\/div>\n\t\t\t\t<\/div>\n\t\t\t<\/div>Am Mittwoch war Chef der Staatskanzlei Dirk Schr\u00f6dter zu Besuch auf der HANNOVER MESSE und dem Gemeinschaftsstand der WTSH GmbH. Im interessanten Dialog durften wir ihm kurz und knackig erkl\u00e4ren, was wir bei PDAP machen!Wir blicken auf eine erfolgreiche Woche voller neuer Gesch\u00e4ftskontakte und interessanter Gespr\u00e4che zur\u00fcck. Wir konnten viele Erfahrungen sammeln\u00a0und [&hellip;]<\/p>","protected":false},"author":2,"featured_media":14949,"comment_status":"closed","ping_status":"open","sticky":false,"template":"","format":"standard","meta":{"_et_pb_use_builder":"on","_et_pb_old_content":"","_et_gb_content_width":""},"categories":[1],"tags":[],"yoast_head":"<!-- This site is optimized with the Yoast SEO plugin v20.6 - https:\/\/yoast.com\/wordpress\/plugins\/seo\/ -->\n<title>Chef der Staatskanzlei Dirk Schr\u00f6dter bei PDAP &ndash; PDAP - Qualit\u00e4tsmanagement &amp; Digitalisierung<\/title>\n<meta name=\"robots\" content=\"index, follow, max-snippet:-1, max-image-preview:large, max-video-preview:-1\" \/>\n<link rel=\"canonical\" href=\"https:\/\/pdap.de\/en\/chef-der-staatskanzlei-dirk-schroedter-hm23\/\" \/>\n<meta property=\"og:locale\" content=\"en_US\" \/>\n<meta property=\"og:type\" content=\"article\" \/>\n<meta property=\"og:title\" content=\"Chef der Staatskanzlei Dirk Schr\u00f6dter bei PDAP &ndash; PDAP - Qualit\u00e4tsmanagement &amp; Digitalisierung\" \/>\n<meta property=\"og:description\" content=\"Am Mittwoch war Chef der Staatskanzlei Dirk Schr\u00f6dter zu Besuch auf der HANNOVER MESSE und dem Gemeinschaftsstand der WTSH GmbH. Im interessanten Dialog durften wir ihm kurz und knackig erkl\u00e4ren, was wir bei PDAP machen!Wir blicken auf eine erfolgreiche Woche voller neuer Gesch\u00e4ftskontakte und interessanter Gespr\u00e4che zur\u00fcck. Wir konnten viele Erfahrungen sammeln\u00a0und [&hellip;]\" \/>\n<meta property=\"og:url\" content=\"https:\/\/pdap.de\/en\/chef-der-staatskanzlei-dirk-schroedter-hm23\/\" \/>\n<meta property=\"og:site_name\" content=\"PDAP - Qualit\u00e4tsmanagement &amp; Digitalisierung\" \/>\n<meta property=\"article:published_time\" content=\"2023-04-21T11:56:21+00:00\" \/>\n<meta property=\"article:modified_time\" content=\"2023-05-16T07:06:23+00:00\" \/>\n<meta property=\"og:image\" content=\"https:\/\/pdap.de\/wp-content\/uploads\/2023\/04\/hannover-messe-dirk-schroedter-scaled.jpg\" \/>\n\t<meta property=\"og:image:width\" content=\"2560\" \/>\n\t<meta property=\"og:image:height\" content=\"1440\" \/>\n\t<meta property=\"og:image:type\" content=\"image\/jpeg\" \/>\n<meta name=\"author\" content=\"JL-Admin\" \/>\n<meta name=\"twitter:card\" content=\"summary_large_image\" \/>\n<script type=\"application\/ld+json\" class=\"yoast-schema-graph\">{\"@context\":\"https:\/\/schema.org\",\"@graph\":[{\"@type\":\"Article\",\"@id\":\"https:\/\/pdap.de\/chef-der-staatskanzlei-dirk-schroedter-hm23\/#article\",\"isPartOf\":{\"@id\":\"https:\/\/pdap.de\/chef-der-staatskanzlei-dirk-schroedter-hm23\/\"},\"author\":{\"name\":\"JL-Admin\",\"@id\":\"https:\/\/pdap.de\/#\/schema\/person\/b045c121a5b6cfd6c55b7f9840c97744\"},\"headline\":\"Chef der Staatskanzlei Dirk Schr\u00f6dter bei PDAP\",\"datePublished\":\"2023-04-21T11:56:21+00:00\",\"dateModified\":\"2023-05-16T07:06:23+00:00\",\"mainEntityOfPage\":{\"@id\":\"https:\/\/pdap.de\/chef-der-staatskanzlei-dirk-schroedter-hm23\/\"},\"wordCount\":261,\"publisher\":{\"@id\":\"https:\/\/pdap.de\/#organization\"},\"articleSection\":[\"Unternehmen\"],\"inLanguage\":\"en-US\"},{\"@type\":\"WebPage\",\"@id\":\"https:\/\/pdap.de\/chef-der-staatskanzlei-dirk-schroedter-hm23\/\",\"url\":\"https:\/\/pdap.de\/chef-der-staatskanzlei-dirk-schroedter-hm23\/\",\"name\":\"Chef der Staatskanzlei Dirk Schr\u00f6dter bei PDAP &ndash; PDAP - Qualit\u00e4tsmanagement &amp; Digitalisierung\",\"isPartOf\":{\"@id\":\"https:\/\/pdap.de\/#website\"},\"datePublished\":\"2023-04-21T11:56:21+00:00\",\"dateModified\":\"2023-05-16T07:06:23+00:00\",\"breadcrumb\":{\"@id\":\"https:\/\/pdap.de\/chef-der-staatskanzlei-dirk-schroedter-hm23\/#breadcrumb\"},\"inLanguage\":\"en-US\",\"potentialAction\":[{\"@type\":\"ReadAction\",\"target\":[\"https:\/\/pdap.de\/chef-der-staatskanzlei-dirk-schroedter-hm23\/\"]}]},{\"@type\":\"BreadcrumbList\",\"@id\":\"https:\/\/pdap.de\/chef-der-staatskanzlei-dirk-schroedter-hm23\/#breadcrumb\",\"itemListElement\":[{\"@type\":\"ListItem\",\"position\":1,\"name\":\"Startseite\",\"item\":\"https:\/\/pdap.de\/\"},{\"@type\":\"ListItem\",\"position\":2,\"name\":\"Chef der Staatskanzlei Dirk Schr\u00f6dter bei PDAP\"}]},{\"@type\":\"WebSite\",\"@id\":\"https:\/\/pdap.de\/#website\",\"url\":\"https:\/\/pdap.de\/\",\"name\":\"PDAP - Qualit\u00e4tsmanagement &amp; Digitalisierung\",\"description\":\"by JessenLenz\",\"publisher\":{\"@id\":\"https:\/\/pdap.de\/#organization\"},\"potentialAction\":[{\"@type\":\"SearchAction\",\"target\":{\"@type\":\"EntryPoint\",\"urlTemplate\":\"https:\/\/pdap.de\/?s={search_term_string}\"},\"query-input\":\"required name=search_term_string\"}],\"inLanguage\":\"en-US\"},{\"@type\":\"Organization\",\"@id\":\"https:\/\/pdap.de\/#organization\",\"name\":\"PDAP by JessenLenz\",\"url\":\"https:\/\/pdap.de\/\",\"logo\":{\"@type\":\"ImageObject\",\"inLanguage\":\"en-US\",\"@id\":\"https:\/\/pdap.de\/#\/schema\/logo\/image\/\",\"url\":\"https:\/\/pdap.de\/wp-content\/uploads\/2021\/08\/pdap-logo-1.png\",\"contentUrl\":\"https:\/\/pdap.de\/wp-content\/uploads\/2021\/08\/pdap-logo-1.png\",\"width\":800,\"height\":377,\"caption\":\"PDAP by JessenLenz\"},\"image\":{\"@id\":\"https:\/\/pdap.de\/#\/schema\/logo\/image\/\"}},{\"@type\":\"Person\",\"@id\":\"https:\/\/pdap.de\/#\/schema\/person\/b045c121a5b6cfd6c55b7f9840c97744\",\"name\":\"JL-Admin\",\"image\":{\"@type\":\"ImageObject\",\"inLanguage\":\"en-US\",\"@id\":\"https:\/\/pdap.de\/#\/schema\/person\/image\/\",\"url\":\"https:\/\/secure.gravatar.com\/avatar\/22320c0134c2b2f234ea588e8c2546d0?s=96&d=mm&r=g\",\"contentUrl\":\"https:\/\/secure.gravatar.com\/avatar\/22320c0134c2b2f234ea588e8c2546d0?s=96&d=mm&r=g\",\"caption\":\"JL-Admin\"}}]}<\/script>\n<!-- \/ Yoast SEO plugin. -->","yoast_head_json":{"title":"Chef der Staatskanzlei Dirk Schr\u00f6dter bei PDAP &ndash; PDAP - Qualit\u00e4tsmanagement &amp; Digitalisierung","robots":{"index":"index","follow":"follow","max-snippet":"max-snippet:-1","max-image-preview":"max-image-preview:large","max-video-preview":"max-video-preview:-1"},"canonical":"https:\/\/pdap.de\/en\/chef-der-staatskanzlei-dirk-schroedter-hm23\/","og_locale":"en_US","og_type":"article","og_title":"Chef der Staatskanzlei Dirk Schr\u00f6dter bei PDAP &ndash; PDAP - Qualit\u00e4tsmanagement &amp; Digitalisierung","og_description":"Am Mittwoch war Chef der Staatskanzlei Dirk Schr\u00f6dter zu Besuch auf der HANNOVER MESSE und dem Gemeinschaftsstand der WTSH GmbH. Im interessanten Dialog durften wir ihm kurz und knackig erkl\u00e4ren, was wir bei PDAP machen!Wir blicken auf eine erfolgreiche Woche voller neuer Gesch\u00e4ftskontakte und interessanter Gespr\u00e4che zur\u00fcck. Wir konnten viele Erfahrungen sammeln\u00a0und [&hellip;]","og_url":"https:\/\/pdap.de\/en\/chef-der-staatskanzlei-dirk-schroedter-hm23\/","og_site_name":"PDAP - Qualit\u00e4tsmanagement &amp; Digitalisierung","article_published_time":"2023-04-21T11:56:21+00:00","article_modified_time":"2023-05-16T07:06:23+00:00","og_image":[{"width":2560,"height":1440,"url":"https:\/\/pdap.de\/wp-content\/uploads\/2023\/04\/hannover-messe-dirk-schroedter-scaled.jpg","type":"image\/jpeg"}],"author":"JL-Admin","twitter_card":"summary_large_image","schema":{"@context":"https:\/\/schema.org","@graph":[{"@type":"Article","@id":"https:\/\/pdap.de\/chef-der-staatskanzlei-dirk-schroedter-hm23\/#article","isPartOf":{"@id":"https:\/\/pdap.de\/chef-der-staatskanzlei-dirk-schroedter-hm23\/"},"author":{"name":"JL-Admin","@id":"https:\/\/pdap.de\/#\/schema\/person\/b045c121a5b6cfd6c55b7f9840c97744"},"headline":"Chef der Staatskanzlei Dirk Schr\u00f6dter bei PDAP","datePublished":"2023-04-21T11:56:21+00:00","dateModified":"2023-05-16T07:06:23+00:00","mainEntityOfPage":{"@id":"https:\/\/pdap.de\/chef-der-staatskanzlei-dirk-schroedter-hm23\/"},"wordCount":261,"publisher":{"@id":"https:\/\/pdap.de\/#organization"},"articleSection":["Unternehmen"],"inLanguage":"en-US"},{"@type":"WebPage","@id":"https:\/\/pdap.de\/chef-der-staatskanzlei-dirk-schroedter-hm23\/","url":"https:\/\/pdap.de\/chef-der-staatskanzlei-dirk-schroedter-hm23\/","name":"Chef der Staatskanzlei Dirk Schr\u00f6dter bei PDAP &ndash; PDAP - Qualit\u00e4tsmanagement &amp; Digitalisierung","isPartOf":{"@id":"https:\/\/pdap.de\/#website"},"datePublished":"2023-04-21T11:56:21+00:00","dateModified":"2023-05-16T07:06:23+00:00","breadcrumb":{"@id":"https:\/\/pdap.de\/chef-der-staatskanzlei-dirk-schroedter-hm23\/#breadcrumb"},"inLanguage":"en-US","potentialAction":[{"@type":"ReadAction","target":["https:\/\/pdap.de\/chef-der-staatskanzlei-dirk-schroedter-hm23\/"]}]},{"@type":"BreadcrumbList","@id":"https:\/\/pdap.de\/chef-der-staatskanzlei-dirk-schroedter-hm23\/#breadcrumb","itemListElement":[{"@type":"ListItem","position":1,"name":"Startseite","item":"https:\/\/pdap.de\/"},{"@type":"ListItem","position":2,"name":"Chef der Staatskanzlei Dirk Schr\u00f6dter bei PDAP"}]},{"@type":"WebSite","@id":"https:\/\/pdap.de\/#website","url":"https:\/\/pdap.de\/","name":"PDAP - Qualit\u00e4tsmanagement &amp; Digitalisierung","description":"by JessenLenz","publisher":{"@id":"https:\/\/pdap.de\/#organization"},"potentialAction":[{"@type":"SearchAction","target":{"@type":"EntryPoint","urlTemplate":"https:\/\/pdap.de\/?s={search_term_string}"},"query-input":"required name=search_term_string"}],"inLanguage":"en-US"},{"@type":"Organization","@id":"https:\/\/pdap.de\/#organization","name":"PDAP by JessenLenz","url":"https:\/\/pdap.de\/","logo":{"@type":"ImageObject","inLanguage":"en-US","@id":"https:\/\/pdap.de\/#\/schema\/logo\/image\/","url":"https:\/\/pdap.de\/wp-content\/uploads\/2021\/08\/pdap-logo-1.png","contentUrl":"https:\/\/pdap.de\/wp-content\/uploads\/2021\/08\/pdap-logo-1.png","width":800,"height":377,"caption":"PDAP by JessenLenz"},"image":{"@id":"https:\/\/pdap.de\/#\/schema\/logo\/image\/"}},{"@type":"Person","@id":"https:\/\/pdap.de\/#\/schema\/person\/b045c121a5b6cfd6c55b7f9840c97744","name":"JL-Admin","image":{"@type":"ImageObject","inLanguage":"en-US","@id":"https:\/\/pdap.de\/#\/schema\/person\/image\/","url":"https:\/\/secure.gravatar.com\/avatar\/22320c0134c2b2f234ea588e8c2546d0?s=96&d=mm&r=g","contentUrl":"https:\/\/secure.gravatar.com\/avatar\/22320c0134c2b2f234ea588e8c2546d0?s=96&d=mm&r=g","caption":"JL-Admin"}}]}},"_links":{"self":[{"href":"https:\/\/pdap.de\/en\/wp-json\/wp\/v2\/posts\/14945"}],"collection":[{"href":"https:\/\/pdap.de\/en\/wp-json\/wp\/v2\/posts"}],"about":[{"href":"https:\/\/pdap.de\/en\/wp-json\/wp\/v2\/types\/post"}],"author":[{"embeddable":true,"href":"https:\/\/pdap.de\/en\/wp-json\/wp\/v2\/users\/2"}],"replies":[{"embeddable":true,"href":"https:\/\/pdap.de\/en\/wp-json\/wp\/v2\/comments?post=14945"}],"version-history":[{"count":5,"href":"https:\/\/pdap.de\/en\/wp-json\/wp\/v2\/posts\/14945\/revisions"}],"predecessor-version":[{"id":14953,"href":"https:\/\/pdap.de\/en\/wp-json\/wp\/v2\/posts\/14945\/revisions\/14953"}],"wp:featuredmedia":[{"embeddable":true,"href":"https:\/\/pdap.de\/en\/wp-json\/wp\/v2\/media\/14949"}],"wp:attachment":[{"href":"https:\/\/pdap.de\/en\/wp-json\/wp\/v2\/media?parent=14945"}],"wp:term":[{"taxonomy":"category","embeddable":true,"href":"https:\/\/pdap.de\/en\/wp-json\/wp\/v2\/categories?post=14945"},{"taxonomy":"post_tag","embeddable":true,"href":"https:\/\/pdap.de\/en\/wp-json\/wp\/v2\/tags?post=14945"}],"curies":[{"name":"wp","href":"https:\/\/api.w.org\/{rel}","templated":true}]}}